{"id":458,"date":"2014-11-11T16:36:06","date_gmt":"2014-11-11T21:36:06","guid":{"rendered":"\/?p=458"},"modified":"2014-11-11T16:36:06","modified_gmt":"2014-11-11T21:36:06","slug":"premiere-hausse-trimestrielle-des-ventes-en-plus-de-deux-ans-sur-le-marche-immobilier-quebecois","status":"publish","type":"post","link":"https:\/\/michelgalipeau.com\/en\/non-classe\/premiere-hausse-trimestrielle-des-ventes-en-plus-de-deux-ans-sur-le-marche-immobilier-quebecois\/","title":{"rendered":"Premi\u00e8re hausse trimestrielle des ventes en plus de deux ans sur le march\u00e9 immobilier qu\u00e9b\u00e9cois"},"content":{"rendered":"<p>&nbsp;<\/p>\n<p><\/p>","protected":false},"excerpt":{"rendered":"<p>&nbsp;<\/p>\n","protected":false},"author":934,"featured_media":0,"comment_status":"open","ping_status":"open","sticky":false,"template":"","format":"standard","meta":{"_acf_changed":false,"footnotes":""},"categories":[1],"tags":[],"class_list":["post-458","post","type-post","status-publish","format-standard","hentry","category-non-classe"],"acf":[],"yoast_head":"<!-- This site is optimized with the Yoast SEO plugin v26.7 - https:\/\/yoast.com\/wordpress\/plugins\/seo\/ -->\n<title>Premi\u00e8re hausse trimestrielle des ventes en plus de deux ans sur le march\u00e9 immobilier qu\u00e9b\u00e9cois Premi\u00e8re hausse trimestrielle des ventes en plus de deux ans sur le march\u00e9 immobilier qu\u00e9b\u00e9cois  - MICHEL GALIPEAU - RE\/MAX Qu\u00e9bec<\/title>\n<meta name=\"robots\" content=\"index, follow, max-snippet:-1, max-image-preview:large, max-video-preview:-1\" \/>\n<link rel=\"canonical\" href=\"https:\/\/michelgalipeau.com\/non-classe\/premiere-hausse-trimestrielle-des-ventes-en-plus-de-deux-ans-sur-le-marche-immobilier-quebecois\/\" \/>\n<meta property=\"og:locale\" content=\"en_US\" \/>\n<meta property=\"og:type\" content=\"article\" \/>\n<meta property=\"og:title\" content=\"Premi\u00e8re hausse trimestrielle des ventes en plus de deux ans sur le march\u00e9 immobilier qu\u00e9b\u00e9cois Premi\u00e8re hausse trimestrielle des ventes en plus de deux ans sur le march\u00e9 immobilier qu\u00e9b\u00e9cois  - MICHEL GALIPEAU - RE\/MAX Qu\u00e9bec\" \/>\n<meta property=\"og:description\" content=\"&nbsp;\" \/>\n<meta property=\"og:url\" content=\"https:\/\/michelgalipeau.com\/non-classe\/premiere-hausse-trimestrielle-des-ventes-en-plus-de-deux-ans-sur-le-marche-immobilier-quebecois\/\" \/>\n<meta property=\"og:site_name\" content=\"MICHEL GALIPEAU - RE\/MAX Qu\u00e9bec\" \/>\n<meta property=\"article:publisher\" content=\"https:\/\/www.facebook.com\/MichelGalipeauRemax\" \/>\n<meta property=\"article:published_time\" content=\"2014-11-11T21:36:06+00:00\" \/>\n<meta name=\"twitter:card\" content=\"summary_large_image\" \/>\n<meta name=\"twitter:label1\" content=\"Written by\" \/>\n\t<meta name=\"twitter:data1\" content=\"\" \/>\n\t<meta name=\"twitter:label2\" content=\"Est. reading time\" \/>\n\t<meta name=\"twitter:data2\" content=\"2 minutes\" \/>\n<script type=\"application\/ld+json\" class=\"yoast-schema-graph\">{\"@context\":\"https:\/\/schema.org\",\"@graph\":[{\"@type\":\"Article\",\"@id\":\"https:\/\/michelgalipeau.com\/non-classe\/premiere-hausse-trimestrielle-des-ventes-en-plus-de-deux-ans-sur-le-marche-immobilier-quebecois\/#article\",\"isPartOf\":{\"@id\":\"https:\/\/michelgalipeau.com\/non-classe\/premiere-hausse-trimestrielle-des-ventes-en-plus-de-deux-ans-sur-le-marche-immobilier-quebecois\/\"},\"author\":{\"name\":\"\",\"@id\":\"\"},\"headline\":\"Premi\u00e8re hausse trimestrielle des ventes en plus de deux ans sur le march\u00e9 immobilier qu\u00e9b\u00e9cois\",\"datePublished\":\"2014-11-11T21:36:06+00:00\",\"mainEntityOfPage\":{\"@id\":\"https:\/\/michelgalipeau.com\/non-classe\/premiere-hausse-trimestrielle-des-ventes-en-plus-de-deux-ans-sur-le-marche-immobilier-quebecois\/\"},\"wordCount\":510,\"commentCount\":0,\"articleSection\":[\"Non class\u00e9\"],\"inLanguage\":\"en-US\",\"potentialAction\":[{\"@type\":\"CommentAction\",\"name\":\"Comment\",\"target\":[\"https:\/\/michelgalipeau.com\/non-classe\/premiere-hausse-trimestrielle-des-ventes-en-plus-de-deux-ans-sur-le-marche-immobilier-quebecois\/#respond\"]}]},{\"@type\":\"WebPage\",\"@id\":\"https:\/\/michelgalipeau.com\/non-classe\/premiere-hausse-trimestrielle-des-ventes-en-plus-de-deux-ans-sur-le-marche-immobilier-quebecois\/\",\"url\":\"https:\/\/michelgalipeau.com\/non-classe\/premiere-hausse-trimestrielle-des-ventes-en-plus-de-deux-ans-sur-le-marche-immobilier-quebecois\/\",\"name\":\"Premi\u00e8re hausse trimestrielle des ventes en plus de deux ans sur le march\u00e9 immobilier qu\u00e9b\u00e9cois Premi\u00e8re hausse trimestrielle des ventes en plus de deux ans sur le march\u00e9 immobilier qu\u00e9b\u00e9cois - MICHEL GALIPEAU - RE\/MAX Qu\u00e9bec\",\"isPartOf\":{\"@id\":\"https:\/\/michelgalipeau.com\/#website\"},\"datePublished\":\"2014-11-11T21:36:06+00:00\",\"author\":{\"@id\":\"\"},\"breadcrumb\":{\"@id\":\"https:\/\/michelgalipeau.com\/non-classe\/premiere-hausse-trimestrielle-des-ventes-en-plus-de-deux-ans-sur-le-marche-immobilier-quebecois\/#breadcrumb\"},\"inLanguage\":\"en-US\",\"potentialAction\":[{\"@type\":\"ReadAction\",\"target\":[\"https:\/\/michelgalipeau.com\/non-classe\/premiere-hausse-trimestrielle-des-ventes-en-plus-de-deux-ans-sur-le-marche-immobilier-quebecois\/\"]}]},{\"@type\":\"BreadcrumbList\",\"@id\":\"https:\/\/michelgalipeau.com\/non-classe\/premiere-hausse-trimestrielle-des-ventes-en-plus-de-deux-ans-sur-le-marche-immobilier-quebecois\/#breadcrumb\",\"itemListElement\":[{\"@type\":\"ListItem\",\"position\":1,\"name\":\"Accueil\",\"item\":\"https:\/\/michelgalipeau.com\/\"},{\"@type\":\"ListItem\",\"position\":2,\"name\":\"Premi\u00e8re hausse trimestrielle des ventes en plus de deux ans sur le march\u00e9 immobilier qu\u00e9b\u00e9cois\"}]},{\"@type\":\"WebSite\",\"@id\":\"https:\/\/michelgalipeau.com\/#website\",\"url\":\"https:\/\/michelgalipeau.com\/\",\"name\":\"MICHEL GALIPEAU - RE\/MAX Qu\u00e9bec\",\"description\":\"Real Estate Broker\",\"potentialAction\":[{\"@type\":\"SearchAction\",\"target\":{\"@type\":\"EntryPoint\",\"urlTemplate\":\"https:\/\/michelgalipeau.com\/?s={search_term_string}\"},\"query-input\":{\"@type\":\"PropertyValueSpecification\",\"valueRequired\":true,\"valueName\":\"search_term_string\"}}],\"inLanguage\":\"en-US\"},{\"@type\":\"Person\",\"@id\":\"\",\"url\":\"https:\/\/michelgalipeau.com\/en\/author\/\"}]}<\/script>\n<!-- \/ Yoast SEO plugin. -->","yoast_head_json":{"title":"Premi\u00e8re hausse trimestrielle des ventes en plus de deux ans sur le march\u00e9 immobilier qu\u00e9b\u00e9cois Premi\u00e8re hausse trimestrielle des ventes en plus de deux ans sur le march\u00e9 immobilier qu\u00e9b\u00e9cois  - MICHEL GALIPEAU - RE\/MAX Qu\u00e9bec","robots":{"index":"index","follow":"follow","max-snippet":"max-snippet:-1","max-image-preview":"max-image-preview:large","max-video-preview":"max-video-preview:-1"},"canonical":"https:\/\/michelgalipeau.com\/non-classe\/premiere-hausse-trimestrielle-des-ventes-en-plus-de-deux-ans-sur-le-marche-immobilier-quebecois\/","og_locale":"en_US","og_type":"article","og_title":"Premi\u00e8re hausse trimestrielle des ventes en plus de deux ans sur le march\u00e9 immobilier qu\u00e9b\u00e9cois Premi\u00e8re hausse trimestrielle des ventes en plus de deux ans sur le march\u00e9 immobilier qu\u00e9b\u00e9cois  - MICHEL GALIPEAU - RE\/MAX Qu\u00e9bec","og_description":"&nbsp;","og_url":"https:\/\/michelgalipeau.com\/non-classe\/premiere-hausse-trimestrielle-des-ventes-en-plus-de-deux-ans-sur-le-marche-immobilier-quebecois\/","og_site_name":"MICHEL GALIPEAU - RE\/MAX Qu\u00e9bec","article_publisher":"https:\/\/www.facebook.com\/MichelGalipeauRemax","article_published_time":"2014-11-11T21:36:06+00:00","twitter_card":"summary_large_image","twitter_misc":{"Written by":"","Est. reading time":"2 minutes"},"schema":{"@context":"https:\/\/schema.org","@graph":[{"@type":"Article","@id":"https:\/\/michelgalipeau.com\/non-classe\/premiere-hausse-trimestrielle-des-ventes-en-plus-de-deux-ans-sur-le-marche-immobilier-quebecois\/#article","isPartOf":{"@id":"https:\/\/michelgalipeau.com\/non-classe\/premiere-hausse-trimestrielle-des-ventes-en-plus-de-deux-ans-sur-le-marche-immobilier-quebecois\/"},"author":{"name":"","@id":""},"headline":"Premi\u00e8re hausse trimestrielle des ventes en plus de deux ans sur le march\u00e9 immobilier qu\u00e9b\u00e9cois","datePublished":"2014-11-11T21:36:06+00:00","mainEntityOfPage":{"@id":"https:\/\/michelgalipeau.com\/non-classe\/premiere-hausse-trimestrielle-des-ventes-en-plus-de-deux-ans-sur-le-marche-immobilier-quebecois\/"},"wordCount":510,"commentCount":0,"articleSection":["Non class\u00e9"],"inLanguage":"en-US","potentialAction":[{"@type":"CommentAction","name":"Comment","target":["https:\/\/michelgalipeau.com\/non-classe\/premiere-hausse-trimestrielle-des-ventes-en-plus-de-deux-ans-sur-le-marche-immobilier-quebecois\/#respond"]}]},{"@type":"WebPage","@id":"https:\/\/michelgalipeau.com\/non-classe\/premiere-hausse-trimestrielle-des-ventes-en-plus-de-deux-ans-sur-le-marche-immobilier-quebecois\/","url":"https:\/\/michelgalipeau.com\/non-classe\/premiere-hausse-trimestrielle-des-ventes-en-plus-de-deux-ans-sur-le-marche-immobilier-quebecois\/","name":"Premi\u00e8re hausse trimestrielle des ventes en plus de deux ans sur le march\u00e9 immobilier qu\u00e9b\u00e9cois Premi\u00e8re hausse trimestrielle des ventes en plus de deux ans sur le march\u00e9 immobilier qu\u00e9b\u00e9cois - MICHEL GALIPEAU - RE\/MAX Qu\u00e9bec","isPartOf":{"@id":"https:\/\/michelgalipeau.com\/#website"},"datePublished":"2014-11-11T21:36:06+00:00","author":{"@id":""},"breadcrumb":{"@id":"https:\/\/michelgalipeau.com\/non-classe\/premiere-hausse-trimestrielle-des-ventes-en-plus-de-deux-ans-sur-le-marche-immobilier-quebecois\/#breadcrumb"},"inLanguage":"en-US","potentialAction":[{"@type":"ReadAction","target":["https:\/\/michelgalipeau.com\/non-classe\/premiere-hausse-trimestrielle-des-ventes-en-plus-de-deux-ans-sur-le-marche-immobilier-quebecois\/"]}]},{"@type":"BreadcrumbList","@id":"https:\/\/michelgalipeau.com\/non-classe\/premiere-hausse-trimestrielle-des-ventes-en-plus-de-deux-ans-sur-le-marche-immobilier-quebecois\/#breadcrumb","itemListElement":[{"@type":"ListItem","position":1,"name":"Accueil","item":"https:\/\/michelgalipeau.com\/"},{"@type":"ListItem","position":2,"name":"Premi\u00e8re hausse trimestrielle des ventes en plus de deux ans sur le march\u00e9 immobilier qu\u00e9b\u00e9cois"}]},{"@type":"WebSite","@id":"https:\/\/michelgalipeau.com\/#website","url":"https:\/\/michelgalipeau.com\/","name":"MICHEL GALIPEAU - RE\/MAX Qu\u00e9bec","description":"Real Estate Broker","potentialAction":[{"@type":"SearchAction","target":{"@type":"EntryPoint","urlTemplate":"https:\/\/michelgalipeau.com\/?s={search_term_string}"},"query-input":{"@type":"PropertyValueSpecification","valueRequired":true,"valueName":"search_term_string"}}],"inLanguage":"en-US"},{"@type":"Person","@id":"","url":"https:\/\/michelgalipeau.com\/en\/author\/"}]}},"_links":{"self":[{"href":"https:\/\/michelgalipeau.com\/en\/wp-json\/wp\/v2\/posts\/458","targetHints":{"allow":["GET"]}}],"collection":[{"href":"https:\/\/michelgalipeau.com\/en\/wp-json\/wp\/v2\/posts"}],"about":[{"href":"https:\/\/michelgalipeau.com\/en\/wp-json\/wp\/v2\/types\/post"}],"author":[{"embeddable":true,"href":"https:\/\/michelgalipeau.com\/en\/wp-json\/wp\/v2\/users\/934"}],"replies":[{"embeddable":true,"href":"https:\/\/michelgalipeau.com\/en\/wp-json\/wp\/v2\/comments?post=458"}],"version-history":[{"count":2,"href":"https:\/\/michelgalipeau.com\/en\/wp-json\/wp\/v2\/posts\/458\/revisions"}],"predecessor-version":[{"id":460,"href":"https:\/\/michelgalipeau.com\/en\/wp-json\/wp\/v2\/posts\/458\/revisions\/460"}],"wp:attachment":[{"href":"https:\/\/michelgalipeau.com\/en\/wp-json\/wp\/v2\/media?parent=458"}],"wp:term":[{"taxonomy":"category","embeddable":true,"href":"https:\/\/michelgalipeau.com\/en\/wp-json\/wp\/v2\/categories?post=458"},{"taxonomy":"post_tag","embeddable":true,"href":"https:\/\/michelgalipeau.com\/en\/wp-json\/wp\/v2\/tags?post=458"}],"curies":[{"name":"wp","href":"https:\/\/api.w.org\/{rel}","templated":true}]}}